{"id":707,"date":"2018-08-11T17:35:07","date_gmt":"2018-08-11T15:35:07","guid":{"rendered":"https:\/\/ninalaguerrera.org\/?p=707"},"modified":"2018-08-11T17:35:07","modified_gmt":"2018-08-11T15:35:07","slug":"guerrier-in-azione-piccoli-grandi-esseri-humani","status":"publish","type":"post","link":"https:\/\/ninalaguerrera.org\/it\/2018\/08\/11\/guerrier-in-azione-piccoli-grandi-esseri-humani\/","title":{"rendered":"Guerrier@ In Azione: piccoli grandi esseri humani"},"content":{"rendered":"<p>Ciao guerrier@!<\/p>\n<p>Oggi ho dieci mesi, yeah! \ud83d\ude42 Anche oggi, come in occasione del m\u00edo 4, 6, 7 e 9 mese festeggio \u201cin alto\u201d ovvero al 7mo piano dell\u2019ospedale di Granada&#8230; \ud83d\ude42<\/p>\n<p>Oggi \u00e8 anche il compleanno della mia nonna spagnola Lola. Oh, non sapete quanto la amo, quanto mi ama, quanto si prende cura di me, quanto rido con lei &#8230; ha un&#8217;energia che muove montagne e un cuore grande come queste. \u00c9 sempre al mio lato quando sono in ospedale, mi ha tagliato le prime unghie e le piace tantissimo farmi il bagnetto! Tanti auguri, Abuela Lola!<\/p>\n<p><img loading=\"lazy\" decoding=\"async\" class=\"size-medium wp-image-719 aligncenter\" src=\"https:\/\/ninalaguerrera.org\/wp-content\/uploads\/2018\/08\/foto-nina-abuela-playa-300x270.jpg\" alt=\"\" width=\"300\" height=\"270\" srcset=\"https:\/\/ninalaguerrera.org\/wp-content\/uploads\/2018\/08\/foto-nina-abuela-playa-300x270.jpg 300w, https:\/\/ninalaguerrera.org\/wp-content\/uploads\/2018\/08\/foto-nina-abuela-playa-768x692.jpg 768w, https:\/\/ninalaguerrera.org\/wp-content\/uploads\/2018\/08\/foto-nina-abuela-playa.jpg 933w\" sizes=\"auto, (max-width: 300px) 100vw, 300px\" \/><\/p>\n<p>Domani \u00e8 il compleanno anche del mio nonno italiano Roberto. Quanto mi manca! Gli ultimi mesi della mia vita nel pancino di mamma, ed i primi due mesi fuori, mi piaceva tanto ascoltarlo mentre suonava la batteria. Sono sicura sia per questo che mi piace cos\u00ed tanto la musica, che muovo il corpo como una rockera e che poi in Spagna si sia convertito in flamenco! (Pi\u00fa avanti vi racconter\u00f2 del concerto a me dedicato&#8230;)<\/p>\n<p>Dicevo che ricordo che il Nonno faceva di tutto per prendersi cura di me come dondolarmi, parlarmi, aiutarmi nelle lunghe serate di coliche, ballare e ridere con me&#8230; non si fermava mai, correva da tutte le parti cercando sempre di soddisfare quel di cui avevo bisogno, di fatto ha una generosit\u00e1 ed un cuore enorme. Grazie e tanti auguri Nonno Roberto!! Tanti auguri a noi! Quanto sono fortunata a ricevere tanto amore, grandi nonni!<\/p>\n<p><img loading=\"lazy\" decoding=\"async\" class=\"size-medium wp-image-713 aligncenter\" src=\"https:\/\/ninalaguerrera.org\/wp-content\/uploads\/2018\/08\/Nina-e-nonni-casa-2-174x300.jpg\" alt=\"\" width=\"174\" height=\"300\" srcset=\"https:\/\/ninalaguerrera.org\/wp-content\/uploads\/2018\/08\/Nina-e-nonni-casa-2-174x300.jpg 174w, https:\/\/ninalaguerrera.org\/wp-content\/uploads\/2018\/08\/Nina-e-nonni-casa-2.jpg 279w\" sizes=\"auto, (max-width: 174px) 100vw, 174px\" \/><\/p>\n<p>Volete sapere quale regalo ho ricevuto questo complemese? \u00c8 troppo bello per non dirlo &#8230;<\/p>\n<p>I Guerrieri In Azione pi\u00fa giovani, i G.I.A., quelli dal cuore pi\u00f9 puro, mi hanno regalato un grande sorriso e anche qualche lacrima di gioia.<\/p>\n<p>Alcuni di voi erano piccoli molto tempo fa&#8230; e altri meno tempo fa. In ogni caso, sicuramente vi ricorderete l&#8217;illusione che vi avr\u00e1 dato avere un salvadanaio e il grande sforzo fatto per riempirlo. A poco a poco, lira a lira, centesimi, euro, il porcellino salvadanaio pesava un po &#8216;di pi\u00f9 ogni volta e il tuo sogno era sempre pi\u00f9 vicino di essere soddisfatto.<\/p>\n<p>Alla fine, quando arriva quel giorno, quella meta, il lavoro svolto avr\u00e1 avuto senso e lo risparmiato potr\u00e1 realizzare il sogno che tanto volevi.<\/p>\n<p>Eh bon, tanti piccoli grandi esseri umani Teresa, Fran, Cecilia, Tiago, Lola, Enrique &#8230; hanno deciso di consegnarmi il contenuto del loro prezioso salvadanaio per promuovere la ricerca sulla Glucogenosi 1b.<\/p>\n<p><img loading=\"lazy\" decoding=\"async\" class=\"size-medium wp-image-716 aligncenter\" src=\"https:\/\/ninalaguerrera.org\/wp-content\/uploads\/2018\/08\/hucha-nina-rie-186x300.jpg\" alt=\"\" width=\"186\" height=\"300\" srcset=\"https:\/\/ninalaguerrera.org\/wp-content\/uploads\/2018\/08\/hucha-nina-rie-186x300.jpg 186w, https:\/\/ninalaguerrera.org\/wp-content\/uploads\/2018\/08\/hucha-nina-rie-768x1236.jpg 768w, https:\/\/ninalaguerrera.org\/wp-content\/uploads\/2018\/08\/hucha-nina-rie-636x1024.jpg 636w, https:\/\/ninalaguerrera.org\/wp-content\/uploads\/2018\/08\/hucha-nina-rie.jpg 1171w\" sizes=\"auto, (max-width: 186px) 100vw, 186px\" \/><\/p>\n<p>Non ho parole, siete grandi, grazie mille, vi amo cos\u00ec tanto!<\/p>\n<p>In effetti, in varie occasioni ho sentito mamma e pap\u00e1 parlare di qualcosa chiamato \u201cguerra\u201d o \u201cconflitto\u201d.. questa settimana loro sono stati un po&#8217; tristi perch\u00e9 in un paese chiamato Yemen un bombardamento aereo contro uno scuolabus ha ucciso dozzine di bambini &#8230; Come pu\u00f2 esserci cos\u00ec tanta crudelt\u00e0 in questo mondo?<\/p>\n<p>Sapete che sto facendo tutto il possibile per uscire dal mio tunnel e per vivere sorridendo mentre ci sono dentro ma, ovviamente, ascoltando queste cose il desiderio di andare l\u00e0 fuori non \u00e9 poi cos\u00ed grande..(Decisamente la pancia di mami era il posto pi\u00fa accogliente! \ud83d\ude09<\/p>\n<p><img loading=\"lazy\" decoding=\"async\" class=\"size-medium wp-image-731 aligncenter\" src=\"https:\/\/ninalaguerrera.org\/wp-content\/uploads\/2018\/08\/mafalda-mundo-enfermo-1-300x199.png\" alt=\"\" width=\"300\" height=\"199\" srcset=\"https:\/\/ninalaguerrera.org\/wp-content\/uploads\/2018\/08\/mafalda-mundo-enfermo-1-300x199.png 300w, https:\/\/ninalaguerrera.org\/wp-content\/uploads\/2018\/08\/mafalda-mundo-enfermo-1-768x510.png 768w, https:\/\/ninalaguerrera.org\/wp-content\/uploads\/2018\/08\/mafalda-mundo-enfermo-1.png 795w\" sizes=\"auto, (max-width: 300px) 100vw, 300px\" \/><\/p>\n<p>Comunque, per fortuna, questi piccoli grandi esseri umani non solo mi hanno dato il contenuto del loro salvadanaio &#8230; mi hanno dato qualcosa di molto pi\u00f9 grande, mi hanno dato speranza. La speranza che le generazioni future educate ai valori di umanit\u00e0 e solidariet\u00e0 saranno in grado di migliorare le cose.<\/p>\n<p><img loading=\"lazy\" decoding=\"async\" class=\"size-medium wp-image-730 aligncenter\" src=\"https:\/\/ninalaguerrera.org\/wp-content\/uploads\/2018\/08\/mafalda-sana-mundo-2-1-300x174.png\" alt=\"\" width=\"300\" height=\"174\" srcset=\"https:\/\/ninalaguerrera.org\/wp-content\/uploads\/2018\/08\/mafalda-sana-mundo-2-1-300x174.png 300w, https:\/\/ninalaguerrera.org\/wp-content\/uploads\/2018\/08\/mafalda-sana-mundo-2-1-768x445.png 768w, https:\/\/ninalaguerrera.org\/wp-content\/uploads\/2018\/08\/mafalda-sana-mundo-2-1.png 856w\" sizes=\"auto, (max-width: 300px) 100vw, 300px\" \/><\/p>\n<p>Guerrier@, ora stiamo combattendo una battaglia contro la glicogenosi che, prima o poi, vinceremo di sicuro! Quando vinceremo, continueremo a lottare per altre cause per aiutare quei piccoli grandi esseri umani come Cecilia, Teresa, Lola, Fran, Enrique e Tiago perch\u00e9 insieme, nelle piccole cose, a partire da noi, possiamo cambiare il mondo.<\/p>\n<p><img loading=\"lazy\" decoding=\"async\" class=\"size-medium wp-image-718 aligncenter\" src=\"https:\/\/ninalaguerrera.org\/wp-content\/uploads\/2018\/08\/mafalda-mundo-corazon-300x200.png\" alt=\"\" width=\"300\" height=\"200\" srcset=\"https:\/\/ninalaguerrera.org\/wp-content\/uploads\/2018\/08\/mafalda-mundo-corazon-300x200.png 300w, https:\/\/ninalaguerrera.org\/wp-content\/uploads\/2018\/08\/mafalda-mundo-corazon-768x512.png 768w, https:\/\/ninalaguerrera.org\/wp-content\/uploads\/2018\/08\/mafalda-mundo-corazon.png 802w\" sizes=\"auto, (max-width: 300px) 100vw, 300px\" \/><\/p>\n<p>Un forte NinAbbraccio.<\/p>\n","protected":false},"excerpt":{"rendered":"<p>Ciao guerrier@! Oggi ho dieci mesi, yeah! \ud83d\ude42 Anche oggi, come in occasione del m\u00edo 4, 6, 7 e 9 mese festeggio \u201cin alto\u201d ovvero al 7mo piano dell\u2019ospedale di Granada&#8230; \ud83d\ude42 Oggi \u00e8 anche il compleanno della mia nonna spagnola Lola. Oh, non sapete quanto la amo, quanto mi ama, quanto si prende cura [&hellip;]<\/p>\n","protected":false},"author":1,"featured_media":725,"comment_status":"open","ping_status":"open","sticky":false,"template":"","format":"standard","meta":{"jetpack_post_was_ever_published":false,"_jetpack_newsletter_access":"","_jetpack_dont_email_post_to_subs":true,"_jetpack_newsletter_tier_id":0,"_jetpack_memberships_contains_paywalled_content":false,"_jetpack_memberships_contains_paid_content":false,"footnotes":"","jetpack_publicize_message":"","jetpack_publicize_feature_enabled":true,"jetpack_social_post_already_shared":true,"jetpack_social_options":{"image_generator_settings":{"template":"highway","default_image_id":0,"font":"","enabled":false},"version":2}},"categories":[5],"tags":[],"class_list":["post-707","post","type-post","status-publish","format-standard","has-post-thumbnail","hentry","category-non-categorizzato"],"jetpack_publicize_connections":[],"jetpack_featured_media_url":"https:\/\/ninalaguerrera.org\/wp-content\/uploads\/2018\/08\/pequenos-grandes-seres-humanos.png","jetpack_sharing_enabled":true,"jetpack_shortlink":"https:\/\/wp.me\/pa1s8Y-bp","_links":{"self":[{"href":"https:\/\/ninalaguerrera.org\/it\/wp-json\/wp\/v2\/posts\/707","targetHints":{"allow":["GET"]}}],"collection":[{"href":"https:\/\/ninalaguerrera.org\/it\/wp-json\/wp\/v2\/posts"}],"about":[{"href":"https:\/\/ninalaguerrera.org\/it\/wp-json\/wp\/v2\/types\/post"}],"author":[{"embeddable":true,"href":"https:\/\/ninalaguerrera.org\/it\/wp-json\/wp\/v2\/users\/1"}],"replies":[{"embeddable":true,"href":"https:\/\/ninalaguerrera.org\/it\/wp-json\/wp\/v2\/comments?post=707"}],"version-history":[{"count":3,"href":"https:\/\/ninalaguerrera.org\/it\/wp-json\/wp\/v2\/posts\/707\/revisions"}],"predecessor-version":[{"id":732,"href":"https:\/\/ninalaguerrera.org\/it\/wp-json\/wp\/v2\/posts\/707\/revisions\/732"}],"wp:featuredmedia":[{"embeddable":true,"href":"https:\/\/ninalaguerrera.org\/it\/wp-json\/wp\/v2\/media\/725"}],"wp:attachment":[{"href":"https:\/\/ninalaguerrera.org\/it\/wp-json\/wp\/v2\/media?parent=707"}],"wp:term":[{"taxonomy":"category","embeddable":true,"href":"https:\/\/ninalaguerrera.org\/it\/wp-json\/wp\/v2\/categories?post=707"},{"taxonomy":"post_tag","embeddable":true,"href":"https:\/\/ninalaguerrera.org\/it\/wp-json\/wp\/v2\/tags?post=707"}],"curies":[{"name":"wp","href":"https:\/\/api.w.org\/{rel}","templated":true}]}}