{"id":888,"date":"2018-08-29T16:32:55","date_gmt":"2018-08-29T14:32:55","guid":{"rendered":"https:\/\/ninalaguerrera.org\/?p=888"},"modified":"2018-08-29T20:41:31","modified_gmt":"2018-08-29T18:41:31","slug":"guerrier-in-azione-i-meditatori","status":"publish","type":"post","link":"https:\/\/ninalaguerrera.org\/it\/2018\/08\/29\/guerrier-in-azione-i-meditatori\/","title":{"rendered":"Guerrier@ In Azione: I meditatori"},"content":{"rendered":"<div>\n<div dir=\"ltr\">\n<div dir=\"ltr\">\n<p>Ciao Guerrier@!<\/p>\n<p>Continuamo nella nostra lotta con pi\u00f9 storie dei nostri Guerrieri In Azione,\u00a0I nostri\u00a0G.E.A, in questa occasione:\u00a0 i meditatori.<\/p>\n<p><span id=\"m_-888932566568987525gmail-tran0\">Sapete? I pochi giorni che sono potuta uscire dall&#8217;ospedale tra giugno e luglio, quando sono andata in\u00a0spiaggia, sono stati tra i momenti migliori della mia vita. Tra altre cose, \u00e9 stata\u00a0la prima volta che\u00a0ho visto\u00a0il mare: tanto inmenso, bello ed enigmatico, guardandolo\u00a0puoi dimenticarti di tutti i problemi. Per un momento incluso mi sono dimenticata della Glicogenosi! Nonostante in realt\u00e0 la malattia non mi d\u00e0 tregua e un momento dopo avevo gi\u00e0 il glucometro misurandomi il livello di glucosio nel sangue..vebbeh \u00e9 stato bello il poco che \u00e9 durato! \ud83d\ude42 <\/span><\/p>\n<p><span id=\"m_-888932566568987525gmail-tran0\">Durante le brevi uscite in passeggiata marittima, ero super emozionata. Tutto \u00e9 stato un&#8217;infinit\u00e0 di scoperte: persone, animali, alberi, fiori, colori, l&#8217;imbrunire, l&#8217;alba, nuovi odori&#8230; Io l\u00ec toccando tutto ci\u00f2 che potevo ed i miei genitori preoccupati per la neutropenia e le possibili infezioni, pulendomi le mani in ogni momento, ma senza privarmi di questa gioia. Mi piacerebbe avere provato anche nuovi sapori. Con questo della dieta ristrettissima &#8211; ma soprattutto della mia difficolt\u00e0 di mangiare per bocca (sono sempre sazia e poi, non ho fatto il passaggio alla bocca ma dalla tetta alla sonda!) &#8211; sapete quanto sia limitata in questo senso, per\u00f2 mi sono cimentata in pi\u00f9 d\u2019un micro-assaggio&#8230; anche se a volte poi vomitavo e mamma e pap\u00e0 dovevano correre ogni volta a misurarmi il glucosio e preparami un biberon per sonda per rimpiazzare il perduto&#8230; vabbeh, ma il pesce per esempio, c<\/span>he buono!<\/p>\n<p><span id=\"m_-888932566568987525gmail-tran0\">Allora dicevo, io passeggiavo con la faccia sorpresa che potete vedere nelle foto, scrutando il mondo dal mio Ninamovil, avanti, dietro, sopra, sotto.. mi mancava tempo&#8230; ed occhi. Mi ha richiamato\u00a0<\/span><span id=\"m_-888932566568987525gmail-tran1\">l&#8217;attenzione che c&#8217;era molta gente che guardava in basso. Camminando, seduta, perfino correndo o in automobile. Io mi domandavo: con tutte le cose e persone belle che ci sono da guardare, perch\u00e9 guardano in basso?<\/span><\/p>\n<\/div>\n<\/div>\n<\/div>\n<p><img loading=\"lazy\" decoding=\"async\" class=\"size-medium wp-image-880 aligncenter\" src=\"https:\/\/ninalaguerrera.org\/wp-content\/uploads\/2018\/08\/NinaSorpresa-300x200.jpg\" alt=\"\" width=\"300\" height=\"200\" srcset=\"https:\/\/ninalaguerrera.org\/wp-content\/uploads\/2018\/08\/NinaSorpresa-300x200.jpg 300w, https:\/\/ninalaguerrera.org\/wp-content\/uploads\/2018\/08\/NinaSorpresa-768x512.jpg 768w, https:\/\/ninalaguerrera.org\/wp-content\/uploads\/2018\/08\/NinaSorpresa-1024x683.jpg 1024w, https:\/\/ninalaguerrera.org\/wp-content\/uploads\/2018\/08\/NinaSorpresa-1500x1000.jpg 1500w\" sizes=\"auto, (max-width: 300px) 100vw, 300px\" \/><\/p>\n<p><img loading=\"lazy\" decoding=\"async\" class=\"size-medium wp-image-898 aligncenter\" src=\"https:\/\/ninalaguerrera.org\/wp-content\/uploads\/2018\/08\/Nina-sorprendida-300x200.jpg\" alt=\"\" width=\"300\" height=\"200\" srcset=\"https:\/\/ninalaguerrera.org\/wp-content\/uploads\/2018\/08\/Nina-sorprendida-300x200.jpg 300w, https:\/\/ninalaguerrera.org\/wp-content\/uploads\/2018\/08\/Nina-sorprendida-768x512.jpg 768w, https:\/\/ninalaguerrera.org\/wp-content\/uploads\/2018\/08\/Nina-sorprendida-1024x683.jpg 1024w, https:\/\/ninalaguerrera.org\/wp-content\/uploads\/2018\/08\/Nina-sorprendida-1500x1000.jpg 1500w\" sizes=\"auto, (max-width: 300px) 100vw, 300px\" \/><\/p>\n<p>In Spagnolo, una delle mie due lingue madre, esiste la parola &#8220;cabizbajo&#8221; che vuol dire &#8220;a testa bassa&#8221;,\u00a0&#8220;rattristato&#8221;. \u00a0Dalla mia\u00a0<span id=\"m_-888932566568987525gmail-tran0\">limitata esperienza di beb\u00e8 di dieci mesi io avevo capito che &#8220;cabizbajo&#8221; si usava per indicare persone a testa bassa\u00a0per ragioni di tristezza, preoccupazioni e cose non molto positive. Tuttavia,\u00a0loro sembravano un nuovo modello di &#8220;cabizbajo&#8221; perch\u00e9 alcuni di\u00a0loro ridevano&#8230; Io non capivo niente. Quindi mi sono resa conto che avevano una cosa tra le mani, una specie di apparato con un schermo sul quale passavano le dita. Allora, di nuovo, un&#8217;altra &#8220;auto-domanda&#8221;: Che cosa ci sar\u00e0 mai in quell&#8217;apparato che la gente lo guarda tanto? Con il mare, l&#8217;imbrunire, le espressioni della gente che sono cos\u00ec belle.. uno schermo?! Mah, sar\u00e0 forse che sono ancora molto piccola per capire queste cose&#8230; Io che sogno di poter avere giornate e tempo per guardare, vedere, toccare..<\/span><\/p>\n<p><span id=\"m_-888932566568987525gmail-tran0\">Infine, l&#8217;ultima impresa dei G.I.A: <\/span><\/p>\n<p><span id=\"m_-888932566568987525gmail-tran0\">Mentre tanta gente va di fretta e correndo da tutte parti senza aver tempo per le cose che importano veramente, o vivendo realt\u00e0 parallele attraverso schermi, i G.I.A. meditadori\u00a0hanno preso il loro tempo per\u00a0\u00a0l\u2019introspezione, l\u2019essere coscienti del momento presente ed anche solidali coi bambini in difficolt\u00e0. Hanno organizzato una sessione di meditazione nella quale parte delle entrate riscosse\u00a0sono state destinate alla ricerca Glicogenosi 1b.<\/span><\/p>\n<p><img loading=\"lazy\" decoding=\"async\" class=\"size-medium wp-image-878 aligncenter\" src=\"https:\/\/ninalaguerrera.org\/wp-content\/uploads\/2018\/08\/Meditacion-Nina-la-guerrera-300x300.jpg\" alt=\"\" width=\"300\" height=\"300\" srcset=\"https:\/\/ninalaguerrera.org\/wp-content\/uploads\/2018\/08\/Meditacion-Nina-la-guerrera-300x300.jpg 300w, https:\/\/ninalaguerrera.org\/wp-content\/uploads\/2018\/08\/Meditacion-Nina-la-guerrera-150x150.jpg 150w, https:\/\/ninalaguerrera.org\/wp-content\/uploads\/2018\/08\/Meditacion-Nina-la-guerrera-768x768.jpg 768w, https:\/\/ninalaguerrera.org\/wp-content\/uploads\/2018\/08\/Meditacion-Nina-la-guerrera.jpg 1024w\" sizes=\"auto, (max-width: 300px) 100vw, 300px\" \/><\/p>\n<p>\u00a1GRAZIE MILLE G.I.A. MEDITATORI!<\/p>\n<p>Guerrier@, se avete voglia di organizare un&#8217;attivit\u00e0 di una disciplina simile o di sport, concerti, conferenze&#8230;etc. non abbiate dubbi a scrivermi!<\/p>\n<p>NinAbbracci per tutti e baci alla Zia Nonna Merce, Zia Laura, Enrique, Isabel e a tutti i meditatori che hanno participato \ud83d\ude42<\/p>\n","protected":false},"excerpt":{"rendered":"<p>Ciao Guerrier@! Continuamo nella nostra lotta con pi\u00f9 storie dei nostri Guerrieri In Azione,\u00a0I nostri\u00a0G.E.A, in questa occasione:\u00a0 i meditatori. Sapete? I pochi giorni che sono potuta uscire dall&#8217;ospedale tra giugno e luglio, quando sono andata in\u00a0spiaggia, sono stati tra i momenti migliori della mia vita. Tra altre cose, \u00e9 stata\u00a0la prima volta che\u00a0ho visto\u00a0il [&hellip;]<\/p>\n","protected":false},"author":1,"featured_media":880,"comment_status":"open","ping_status":"open","sticky":false,"template":"","format":"standard","meta":{"jetpack_post_was_ever_published":false,"_jetpack_newsletter_access":"","_jetpack_dont_email_post_to_subs":true,"_jetpack_newsletter_tier_id":0,"_jetpack_memberships_contains_paywalled_content":false,"_jetpack_memberships_contains_paid_content":false,"footnotes":"","jetpack_publicize_message":"","jetpack_publicize_feature_enabled":true,"jetpack_social_post_already_shared":true,"jetpack_social_options":{"image_generator_settings":{"template":"highway","default_image_id":0,"font":"","enabled":false},"version":2}},"categories":[5],"tags":[],"class_list":["post-888","post","type-post","status-publish","format-standard","has-post-thumbnail","hentry","category-non-categorizzato"],"jetpack_publicize_connections":[],"jetpack_featured_media_url":"https:\/\/ninalaguerrera.org\/wp-content\/uploads\/2018\/08\/NinaSorpresa.jpg","jetpack_sharing_enabled":true,"jetpack_shortlink":"https:\/\/wp.me\/pa1s8Y-ek","_links":{"self":[{"href":"https:\/\/ninalaguerrera.org\/it\/wp-json\/wp\/v2\/posts\/888","targetHints":{"allow":["GET"]}}],"collection":[{"href":"https:\/\/ninalaguerrera.org\/it\/wp-json\/wp\/v2\/posts"}],"about":[{"href":"https:\/\/ninalaguerrera.org\/it\/wp-json\/wp\/v2\/types\/post"}],"author":[{"embeddable":true,"href":"https:\/\/ninalaguerrera.org\/it\/wp-json\/wp\/v2\/users\/1"}],"replies":[{"embeddable":true,"href":"https:\/\/ninalaguerrera.org\/it\/wp-json\/wp\/v2\/comments?post=888"}],"version-history":[{"count":7,"href":"https:\/\/ninalaguerrera.org\/it\/wp-json\/wp\/v2\/posts\/888\/revisions"}],"predecessor-version":[{"id":900,"href":"https:\/\/ninalaguerrera.org\/it\/wp-json\/wp\/v2\/posts\/888\/revisions\/900"}],"wp:featuredmedia":[{"embeddable":true,"href":"https:\/\/ninalaguerrera.org\/it\/wp-json\/wp\/v2\/media\/880"}],"wp:attachment":[{"href":"https:\/\/ninalaguerrera.org\/it\/wp-json\/wp\/v2\/media?parent=888"}],"wp:term":[{"taxonomy":"category","embeddable":true,"href":"https:\/\/ninalaguerrera.org\/it\/wp-json\/wp\/v2\/categories?post=888"},{"taxonomy":"post_tag","embeddable":true,"href":"https:\/\/ninalaguerrera.org\/it\/wp-json\/wp\/v2\/tags?post=888"}],"curies":[{"name":"wp","href":"https:\/\/api.w.org\/{rel}","templated":true}]}}